{"id":3666,"date":"2016-06-26T16:47:40","date_gmt":"2016-06-26T14:47:40","guid":{"rendered":"http:\/\/tierr.fr\/?p=3666"},"modified":"2022-12-03T22:42:47","modified_gmt":"2022-12-03T21:42:47","slug":"phallaina-premiere-bande-defilee","status":"publish","type":"post","link":"https:\/\/www.tierr.fr\/blog\/phallaina-premiere-bande-defilee\/","title":{"rendered":"PHALLAINA, la premi\u00e8re bande d\u00e9fil\u00e9e."},"content":{"rendered":"<p style=\"text-align: justify;\"><a href=\"https:\/\/mariettaren.com\">Marietta Ren<\/a> et le studio Small Bang, r\u00e9alisent Phallaina, la premi\u00e8re bande <strong>d\u00e9fil\u00e9e<\/strong>. Cr\u00e9\u00e9e sp\u00e9cialement pour les tablettes et les phablettes. Cette bande dessin\u00e9e num\u00e9rique exploite les possibilit\u00e9s interactives des nouvelles technologies. Sortie fin janvier 2016, je d\u00e9couvre seulement aujourd\u2019hui cette p\u00e9pite, conciliant cr\u00e9ation et technologie. Une exp\u00e9rience narrative g\u00e9niale, vraiment immersive, qui promet une approche diff\u00e9rente de la bande dessin\u00e9e. Peut-\u00eatre le renouveau et l\u2019avenir de cette discipline.<br \/>\n<!--more--><br \/>\nJ\u2019ai toujours pens\u00e9 que la bande dessin\u00e9e num\u00e9rique ne peut \u00eatre viable et int\u00e9ressante que si elle r\u00e9alis\u00e9e en priorisant le support. Tout ce que l\u2019on peut voir d\u2019adaptation de BD papier pour les tablettes ou ordinateurs ne m\u2019a jamais convaincu. \u00c9tant moi m\u00eame auteur de BD, la r\u00e9alisation se fait en pensant \u00e0 la fa\u00e7on dont le lecteur va avancer dans l\u2019histoire en fonction du format, c\u2019est ce qui conditionne le d\u00e9coupage de l\u2019histoire et la r\u00e9alisation des planches en traditionnel. De plus en traditionnel nous sommes contraints par un nombre limit\u00e9 de pages, budget oblige, ce qui n\u2019est pas le cas en num\u00e9rique. En num\u00e9rique il faut tenir compte du format et des possibilit\u00e9s offertes par les \u00e9crans pour rendre int\u00e9ressant et ludique l\u2019histoire. C\u2019est exactement ce qu\u2019a r\u00e9alis\u00e9 <a href=\"https:\/\/mariettaren.com\">Marietta Ren<\/a> avec son roman graphique, Phallaina. De plus, l\u2019installation d\u2019un dispositif sonore interactif et la possibilit\u00e9 d\u2019avoir l\u2019histoire en fran\u00e7ais et en anglais apportent une universalit\u00e9 int\u00e9ressante.<\/p>\n<h3>L\u2019HISTOIRE DE PHALLAINA<\/h3>\n<h5>FICTION, MYTHOLOGIE ET SCIENCE AU C\u0152UR D\u2019UN M\u00caME R\u00c9CIT<\/h5>\n<p><img data-recalc-dims=\"1\" loading=\"lazy\" decoding=\"async\" data-attachment-id=\"3670\" data-permalink=\"https:\/\/www.tierr.fr\/blog\/phallaina-premiere-bande-defilee\/phallaina-1-tierr-fr\/\" data-orig-file=\"https:\/\/www.tierr.fr\/blog\/wp-content\/uploads\/2016\/06\/PHALLAINA-1-tierr.fr_.jpg\" data-orig-size=\"850,400\" data-comments-opened=\"1\" data-image-meta=\"{&quot;aperture&quot;:&quot;0&quot;,&quot;credit&quot;:&quot;&quot;,&quot;camera&quot;:&quot;&quot;,&quot;caption&quot;:&quot;&quot;,&quot;created_timestamp&quot;:&quot;0&quot;,&quot;copyright&quot;:&quot;&quot;,&quot;focal_length&quot;:&quot;0&quot;,&quot;iso&quot;:&quot;0&quot;,&quot;shutter_speed&quot;:&quot;0&quot;,&quot;title&quot;:&quot;&quot;,&quot;orientation&quot;:&quot;0&quot;}\" data-image-title=\"PHALLAINA-1-tierr.fr\" data-image-description=\"\" data-image-caption=\"\" data-large-file=\"https:\/\/www.tierr.fr\/blog\/wp-content\/uploads\/2016\/06\/PHALLAINA-1-tierr.fr_.jpg\" class=\"aligncenter size-full wp-image-3670\" src=\"https:\/\/i0.wp.com\/www.tierr.fr\/blog\/wp-content\/uploads\/2016\/06\/PHALLAINA-1-tierr.fr_.jpg?resize=850%2C400&#038;ssl=1\" alt=\"PHALLAINA-1-tierr.fr\" width=\"850\" height=\"400\" \/>\u00a0 <img data-recalc-dims=\"1\" loading=\"lazy\" decoding=\"async\" data-attachment-id=\"3671\" data-permalink=\"https:\/\/www.tierr.fr\/blog\/phallaina-premiere-bande-defilee\/phallaina-2-tierr-fr\/\" data-orig-file=\"https:\/\/www.tierr.fr\/blog\/wp-content\/uploads\/2016\/06\/PHALLAINA-2-tierr.fr_.jpg\" data-orig-size=\"850,400\" data-comments-opened=\"1\" data-image-meta=\"{&quot;aperture&quot;:&quot;0&quot;,&quot;credit&quot;:&quot;&quot;,&quot;camera&quot;:&quot;&quot;,&quot;caption&quot;:&quot;&quot;,&quot;created_timestamp&quot;:&quot;0&quot;,&quot;copyright&quot;:&quot;&quot;,&quot;focal_length&quot;:&quot;0&quot;,&quot;iso&quot;:&quot;0&quot;,&quot;shutter_speed&quot;:&quot;0&quot;,&quot;title&quot;:&quot;&quot;,&quot;orientation&quot;:&quot;0&quot;}\" data-image-title=\"PHALLAINA-2-tierr.fr\" data-image-description=\"\" data-image-caption=\"\" data-large-file=\"https:\/\/www.tierr.fr\/blog\/wp-content\/uploads\/2016\/06\/PHALLAINA-2-tierr.fr_.jpg\" class=\"aligncenter size-full wp-image-3671\" src=\"https:\/\/i0.wp.com\/www.tierr.fr\/blog\/wp-content\/uploads\/2016\/06\/PHALLAINA-2-tierr.fr_.jpg?resize=850%2C400&#038;ssl=1\" alt=\"PHALLAINA-2-tierr.fr\" width=\"850\" height=\"400\" \/>\u00a0 <img data-recalc-dims=\"1\" loading=\"lazy\" decoding=\"async\" data-attachment-id=\"3672\" data-permalink=\"https:\/\/www.tierr.fr\/blog\/phallaina-premiere-bande-defilee\/phallaina-3-tierr-fr\/\" data-orig-file=\"https:\/\/www.tierr.fr\/blog\/wp-content\/uploads\/2016\/06\/PHALLAINA-3-tierr.fr_.jpg\" data-orig-size=\"850,400\" data-comments-opened=\"1\" data-image-meta=\"{&quot;aperture&quot;:&quot;0&quot;,&quot;credit&quot;:&quot;&quot;,&quot;camera&quot;:&quot;&quot;,&quot;caption&quot;:&quot;&quot;,&quot;created_timestamp&quot;:&quot;0&quot;,&quot;copyright&quot;:&quot;&quot;,&quot;focal_length&quot;:&quot;0&quot;,&quot;iso&quot;:&quot;0&quot;,&quot;shutter_speed&quot;:&quot;0&quot;,&quot;title&quot;:&quot;&quot;,&quot;orientation&quot;:&quot;0&quot;}\" data-image-title=\"PHALLAINA-3-tierr.fr\" data-image-description=\"\" data-image-caption=\"\" data-large-file=\"https:\/\/www.tierr.fr\/blog\/wp-content\/uploads\/2016\/06\/PHALLAINA-3-tierr.fr_.jpg\" class=\"aligncenter size-full wp-image-3672\" src=\"https:\/\/i0.wp.com\/www.tierr.fr\/blog\/wp-content\/uploads\/2016\/06\/PHALLAINA-3-tierr.fr_.jpg?resize=850%2C400&#038;ssl=1\" alt=\"PHALLAINA-3-tierr.fr\" width=\"850\" height=\"400\" \/><\/p>\n<p>Phallaina raconte l\u2019histoire d\u2019Audrey, une jeune fille qui souffre de crises hallucinatoires au cours desquelles elle voit des baleines. En lui faisant passer des examens, un neurologue d\u00e9c\u00e8le chez elle un physeter, une structure anomalique qui permet \u00e0 ses porteurs de rester longtemps en apn\u00e9e.<\/p>\n<p>Phallaina est le r\u00e9cit intime d\u2019une transformation personnelle, m\u00ealant sciences cognitives et mythologie.<\/p>\n<h3>L\u2019AUTEUR<\/h3>\n<div id=\"attachment_3669\" style=\"width: 860px\" class=\"wp-caption aligncenter\"><img data-recalc-dims=\"1\" loading=\"lazy\" decoding=\"async\" aria-describedby=\"caption-attachment-3669\" data-attachment-id=\"3669\" data-permalink=\"https:\/\/www.tierr.fr\/blog\/phallaina-premiere-bande-defilee\/marietta-ren-tierr-fr\/\" data-orig-file=\"https:\/\/www.tierr.fr\/blog\/wp-content\/uploads\/2016\/06\/marietta-ren-tierr.fr_.jpg\" data-orig-size=\"850,400\" data-comments-opened=\"1\" data-image-meta=\"{&quot;aperture&quot;:&quot;0&quot;,&quot;credit&quot;:&quot;&quot;,&quot;camera&quot;:&quot;&quot;,&quot;caption&quot;:&quot;&quot;,&quot;created_timestamp&quot;:&quot;0&quot;,&quot;copyright&quot;:&quot;&quot;,&quot;focal_length&quot;:&quot;0&quot;,&quot;iso&quot;:&quot;0&quot;,&quot;shutter_speed&quot;:&quot;0&quot;,&quot;title&quot;:&quot;&quot;,&quot;orientation&quot;:&quot;0&quot;}\" data-image-title=\"marietta-ren-tierr.fr\" data-image-description=\"\" data-image-caption=\"&lt;p&gt;Marietta Ren&lt;\/p&gt;\n\" data-large-file=\"https:\/\/www.tierr.fr\/blog\/wp-content\/uploads\/2016\/06\/marietta-ren-tierr.fr_.jpg\" class=\"size-full wp-image-3669\" src=\"https:\/\/i0.wp.com\/www.tierr.fr\/blog\/wp-content\/uploads\/2016\/06\/marietta-ren-tierr.fr_.jpg?resize=850%2C400&#038;ssl=1\" alt=\"Marietta Ren\" width=\"850\" height=\"400\" \/><p id=\"caption-attachment-3669\" class=\"wp-caption-text\">Marietta Ren<\/p><\/div>\n<p style=\"text-align: justify;\"><a href=\"https:\/\/mariettaren.com\">Marietta Ren<\/a>, se d\u00e9couvre une vocation artistique d\u00e8s le lyc\u00e9e et int\u00e8gre plusieurs \u00e9coles d\u2019art appliqu\u00e9.<\/p>\n<p style=\"text-align: justify;\">Elle int\u00e8gre l\u2019\u00e9cole des Gobelins en section animation et d\u00e9croche son dipl\u00f4me de concepteur r\u00e9alisateur de film d\u2019animation. Sa carri\u00e8re professionnelle commence alors par du character design sur plusieurs s\u00e9ries, mais aussi de l\u2019animation et du storyboard.\u00a0\u00bb<\/p>\n<p style=\"text-align: justify;\">L\u2019opportunit\u00e9 de travailler sur du long m\u00e9trage se pr\u00e9sente rapidement et lui permet de participer \u00e0 des projets tels\u00a0\u00ab\u00a0qu\u2019Ernest et C\u00e9lestine\u00a0\u00bb et \u00ab\u00a0Un monde truqu\u00e9\u00a0\u00bb.<\/p>\n<p style=\"text-align: justify;\">En parall\u00e8le, Marietta collabore \u00e0 des expositions collectives d\u2019illustrations chez Artludik. Elle publie son premier livre intitul\u00e9 \u00ab\u00a0Je suis deux\u00a0\u00bb, en collaboration avec Eug\u00e9ny Couture \u00e0 l\u2019\u00e9criture.<\/p>\n<p style=\"text-align: justify;\">Aujourd\u2019hui, \u00ab\u00a0Phallaina\u00a0\u00bb constitue sa plus grande aventure artistique ainsi qu\u2019un d\u00e9fi technologique.<\/p>\n<h3>LE STUDIO<\/h3>\n<p style=\"text-align: justify;\">Depuis 2012, Small Bang cr\u00e9e des exp\u00e9riences multiplateformes qui relient les mondes physique et num\u00e9rique.<\/p>\n<p style=\"text-align: justify;\">De la science participative de BirdLab aux \u00ab\u00a0cinewalks\u00a0\u00bb de Cinemacity, en passant par la fresque physique de \u00adPhallaina, la production ex\u00e9cutive des Mediapart Live, de l\u2019\u00c9mission dessin\u00e9e et des Open Bidouille Camp, Pierre Cattan et ses \u00e9quipes explorent les nouvelles formes de narration spatialis\u00e9e.<\/p>\n<p style=\"text-align: justify;\">Small Bang se d\u00e9finit volontiers comme un orchestre interactif, un laboratoire des innovations culturelles \u00ad\u00ad\u00adet citoyennes qui place l\u2019exp\u00e9rience humaine au c\u0153ur du parcours digital.<\/p>\n<p style=\"text-align: justify;\">Ha oui, j\u2019oubliai, ce travail de titan, est disponible et gratuit sur <del>l\u2019App Store<\/del> et sur <a href=\"https:\/\/www.google.com\/search?client=safari&amp;rls=en&amp;q=PHALLAINA%2C+la+premi%C3%A8re+bande+d%C3%A9fil%C3%A9e&amp;ie=UTF-8&amp;oe=UTF-8\">Google Play<\/a>.<\/p>\n<h3>LE TEASER<\/h3>\n<p>&nbsp;<\/p>\n<p><iframe loading=\"lazy\" title=\"Phallaina : la premi\u00e8re &quot;bande d\u00e9fil\u00e9e&quot;, par Marietta Ren [teaser]\" width=\"1200\" height=\"675\" src=\"https:\/\/www.youtube.com\/embed\/GIqQIpmhJGQ?feature=oembed\" frameborder=\"0\" allow=\"accelerometer; autoplay; clipboard-write; encrypted-media; gyroscope; picture-in-picture\" allowfullscreen><\/iframe><\/p>\n<p>&nbsp;<\/p>\n<p>\u00c0 bient\u00f4t<\/p>\n<p>Tierr<\/p>\n","protected":false},"excerpt":{"rendered":"<p>Marietta Ren et le studio Small Bang, r\u00e9alisent Phallaina, la premi\u00e8re bande d\u00e9fil\u00e9e. Cr\u00e9\u00e9e sp\u00e9cialement pour les tablettes et les phablettes. Cette bande dessin\u00e9e num\u00e9rique exploite les possibilit\u00e9s interactives des nouvelles technologies. Sortie fin janvier 2016, je d\u00e9couvre seulement aujourd\u2019hui cette p\u00e9pite, conciliant cr\u00e9ation et technologie. Une exp\u00e9rience narrative g\u00e9niale, vraiment immersive, qui promet une&hellip;<\/p>\n","protected":false},"author":14,"featured_media":3667,"comment_status":"open","ping_status":"open","sticky":false,"template":"","format":"image","meta":{"_seopress_robots_primary_cat":"none","_seopress_titles_title":"","_seopress_titles_desc":"","_seopress_robots_index":"","_jetpack_memberships_contains_paid_content":false,"footnotes":""},"categories":[34,105,29],"tags":[330,370,324,368,371,369,372],"class_list":["post-3666","post","type-post","status-publish","format-image","has-post-thumbnail","hentry","category-art","category-artiste","category-illustrations","tag-auteur","tag-bande-defilee","tag-bd","tag-dande-dessinee","tag-marietta-ren","tag-phallaina","tag-small-bang","post_format-post-format-image","category-34","category-105","category-29","description-off"],"jetpack_featured_media_url":"https:\/\/www.tierr.fr\/blog\/wp-content\/uploads\/2016\/06\/PHALLAINA-tierr.fr_.jpg","jetpack_shortlink":"https:\/\/wp.me\/p4xlso-X8","jetpack_sharing_enabled":true,"_links":{"self":[{"href":"https:\/\/www.tierr.fr\/blog\/wp-json\/wp\/v2\/posts\/3666","targetHints":{"allow":["GET"]}}],"collection":[{"href":"https:\/\/www.tierr.fr\/blog\/wp-json\/wp\/v2\/posts"}],"about":[{"href":"https:\/\/www.tierr.fr\/blog\/wp-json\/wp\/v2\/types\/post"}],"author":[{"embeddable":true,"href":"https:\/\/www.tierr.fr\/blog\/wp-json\/wp\/v2\/users\/14"}],"replies":[{"embeddable":true,"href":"https:\/\/www.tierr.fr\/blog\/wp-json\/wp\/v2\/comments?post=3666"}],"version-history":[{"count":0,"href":"https:\/\/www.tierr.fr\/blog\/wp-json\/wp\/v2\/posts\/3666\/revisions"}],"wp:featuredmedia":[{"embeddable":true,"href":"https:\/\/www.tierr.fr\/blog\/wp-json\/wp\/v2\/media\/3667"}],"wp:attachment":[{"href":"https:\/\/www.tierr.fr\/blog\/wp-json\/wp\/v2\/media?parent=3666"}],"wp:term":[{"taxonomy":"category","embeddable":true,"href":"https:\/\/www.tierr.fr\/blog\/wp-json\/wp\/v2\/categories?post=3666"},{"taxonomy":"post_tag","embeddable":true,"href":"https:\/\/www.tierr.fr\/blog\/wp-json\/wp\/v2\/tags?post=3666"}],"curies":[{"name":"wp","href":"https:\/\/api.w.org\/{rel}","templated":true}]}}